{"id":60,"date":"2021-10-18T11:57:03","date_gmt":"2021-10-18T11:57:03","guid":{"rendered":"https:\/\/actualis-informatique.fr\/blog\/?p=60"},"modified":"2021-11-22T08:40:17","modified_gmt":"2021-11-22T08:40:17","slug":"%f0%9f%8e%af-presentation-de-lequipe-actualis-informatique-%f0%9f%8e%af-2","status":"publish","type":"post","link":"https:\/\/actualis-informatique.fr\/blog\/%f0%9f%8e%af-presentation-de-lequipe-actualis-informatique-%f0%9f%8e%af-2\/","title":{"rendered":"Pr\u00e9sentation de J\u00e9r\u00f4me BECKER"},"content":{"rendered":"\n<p>Chaque semaine nous vous pr\u00e9sentons un <strong>membre de notre \u00e9quipe<\/strong>, aujourd\u2019hui c\u2019est le tour de&nbsp;<a href=\"https:\/\/www.linkedin.com\/in\/ACoAABYhKIkBlaSxjygP8BP_ruTZjqCuOx2dIAY\">J\u00e9r\u00f4me Becker<\/a>, notre <strong>Directeur G\u00e9n\u00e9ral<\/strong> qui \u00e9volue chez Actualis Informatique depuis <strong>2016<\/strong>. \ud83e\udd29 \u2705<\/p>\n\n\n\n<p>Afin de mieux le d\u00e9couvrir nous lui avons pos\u00e9 quelques questions sur <strong>son parcours<\/strong>&nbsp;\ud83d\udc47 \ud83d\udc47 \ud83d\udc47<\/p>\n\n\n\n<p>\u27a1 Que fais-tu chez <strong>Actualis Informatique<\/strong>&nbsp;? \ud83d\udcbb<\/p>\n\n\n\n<p>Je suis en charge du d\u00e9veloppement WeB application pour les solutions sur mesure d\u00e9velopp\u00e9es pour nos clients et nos outils internes. Je suis certifi\u00e9 et J\u2019ai acquis une v\u00e9ritable expertise sur les solutions de communications unifi\u00e9es&nbsp;<a href=\"https:\/\/www.linkedin.com\/company\/wildix-srl\/\">Wildix<\/a>. Je suis aussi la belle voix du support technique afin de remplir un r\u00f4le de dispatcher au service Hotline !&nbsp;<\/p>\n\n\n\n<p>\u27a1 Quel est ton <strong>parcours<\/strong> ? \ud83d\udcda<\/p>\n\n\n\n<p>Pour le parcours scolaire, un titre d\u2019ing\u00e9nieur-maitre obtenu apr\u00e8s un IUP en G\u00e9nie des Syst\u00e8mes Industriels puis un DESS en Automatisme, Traitement et Transmission de l\u2019Information.<\/p>\n\n\n\n<p>Pour le pro, apr\u00e8s avoir travaill\u00e9 pour un sous-traitant d\u2019Alcatel pendant 2 ans dans le d\u00e9ploiement d\u2019infrastructures informatique et Telecom, j\u2019ai fond\u00e9 la soci\u00e9t\u00e9 E-maj en 2002, une soci\u00e9t\u00e9 de d\u00e9veloppement de sites web et d\u2019applications web, ce qui \u00e9tait assez novateur en 2002. Soci\u00e9t\u00e9 que j\u2019ai quitt\u00e9 en 2015 pour m\u2019associer avec&nbsp;<a href=\"https:\/\/www.linkedin.com\/in\/ACoAABVxGDcBP1pffy0j8YZuorx0ExINN-PkDO4\">Ghislain MATHIS<\/a>&nbsp;au sein d\u2019Actualis Informatique. \ud83d\ude0a<\/p>\n\n\n\n<p>\u27a1 Qu\u2019est-ce qui te <strong>pla\u00eet chez Actualis&nbsp;Informatique<\/strong>&nbsp;? \ud83d\udc4d<\/p>\n\n\n\n<p>La diversit\u00e9 des projets et des missions, apprendre en permanence et le contact avec les clients. \ud83d\udcd8<\/p>\n\n\n\n<p>\u27a1 Qu\u2019est-ce qui te <strong>pla\u00eet dans la vie<\/strong>&nbsp;? \ud83d\ude0a<\/p>\n\n\n\n<p>Je suis passionn\u00e9 par l\u2019art mais plus pr\u00e9cis\u00e9ment la musique et le cin\u00e9ma. \ud83c\udfac\ud83c\udfbc En terme de sports j\u2019appr\u00e9cie \u00e9norm\u00e9ment le VTT et le Squash. \ud83d\udeb5\u200d\u2642<\/p>\n\n\n\n<p>Rendez-vous <strong>la semaine prochaine<\/strong> afin de d\u00e9couvrir un nouveau membre de l\u2019\u00e9quipe d\u2019Actualis Informatique&nbsp;! \ud83d\udca5 \ud83d\udca5 \ud83d\udca5<\/p>\n\n\n\n<p>\u2705 Contactez-nous&nbsp;:<\/p>\n\n\n\n<p><br>\ud83d\udce9&nbsp;<a href=\"mailto:contact@actualis-info.fr\">contact@actualis-info.fr<\/a><\/p>\n\n\n\n<p><br>\ud83d\udcde +33 (0)3 72 39 52 90<\/p>\n\n\n\n<figure class=\"wp-block-gallery columns-1 is-cropped wp-block-gallery-1 is-layout-flex wp-block-gallery-is-layout-flex\"><ul class=\"blocks-gallery-grid\"><li class=\"blocks-gallery-item\"><figure><img loading=\"lazy\" decoding=\"async\" width=\"724\" height=\"1024\" src=\"https:\/\/actualis-informatique.fr\/blog\/wp-content\/uploads\/2021\/10\/1634199934529-724x1024.png\" alt=\"\" data-id=\"64\" data-full-url=\"https:\/\/actualis-informatique.fr\/blog\/wp-content\/uploads\/2021\/10\/1634199934529.png\" data-link=\"https:\/\/actualis-informatique.fr\/blog\/%f0%9f%8e%af-presentation-de-lequipe-actualis-informatique-%f0%9f%8e%af-2\/attachment\/1634199934529\/#main\" class=\"wp-image-64\" srcset=\"https:\/\/actualis-informatique.fr\/blog\/wp-content\/uploads\/2021\/10\/1634199934529-724x1024.png 724w, https:\/\/actualis-informatique.fr\/blog\/wp-content\/uploads\/2021\/10\/1634199934529-212x300.png 212w, https:\/\/actualis-informatique.fr\/blog\/wp-content\/uploads\/2021\/10\/1634199934529-768x1086.png 768w, https:\/\/actualis-informatique.fr\/blog\/wp-content\/uploads\/2021\/10\/1634199934529.png 800w\" sizes=\"auto, (max-width: 724px) 100vw, 724px\" \/><\/figure><\/li><\/ul><\/figure>\n","protected":false},"excerpt":{"rendered":"<p>Chaque semaine nous vous pr\u00e9sentons un membre de notre \u00e9quipe, aujourd\u2019hui c\u2019est le tour de&nbsp;J\u00e9r\u00f4me Becker, notre Directeur G\u00e9n\u00e9ral qui \u00e9volue chez Actualis Informatique depuis 2016. \ud83e\udd29 \u2705 Afin de mieux le d\u00e9couvrir nous lui avons pos\u00e9 quelques questions sur son parcours&nbsp;\ud83d\udc47 \ud83d\udc47 \ud83d\udc47 \u27a1 Que fais-tu chez Actualis Informatique&nbsp;? \ud83d\udcbb Je suis en charge &#8230; <a title=\"Pr\u00e9sentation de J\u00e9r\u00f4me BECKER\" class=\"read-more\" href=\"https:\/\/actualis-informatique.fr\/blog\/%f0%9f%8e%af-presentation-de-lequipe-actualis-informatique-%f0%9f%8e%af-2\/\" aria-label=\"En savoir plus sur Pr\u00e9sentation de J\u00e9r\u00f4me BECKER\">Lire la suite<\/a><\/p>\n","protected":false},"author":2,"featured_media":0,"comment_status":"closed","ping_status":"closed","sticky":false,"template":"","format":"standard","meta":{"_jetpack_memberships_contains_paid_content":false,"footnotes":""},"categories":[1],"tags":[3,11],"class_list":["post-60","post","type-post","status-publish","format-standard","hentry","category-presentation-de-lequipe-actualis-informatique","tag-presentation","tag-wildix"],"yoast_head":"<!-- This site is optimized with the Yoast SEO plugin v24.3 - https:\/\/yoast.com\/wordpress\/plugins\/seo\/ -->\n<title>Pr\u00e9sentation de J\u00e9r\u00f4me BECKER - Actualis Informatique<\/title>\n<meta name=\"robots\" content=\"index, follow, max-snippet:-1, max-image-preview:large, max-video-preview:-1\" \/>\n<link rel=\"canonical\" href=\"https:\/\/actualis-informatique.fr\/blog\/\ud83c\udfaf-presentation-de-lequipe-actualis-informatique-\ud83c\udfaf-2\/\" \/>\n<meta property=\"og:locale\" content=\"fr_FR\" \/>\n<meta property=\"og:type\" content=\"article\" \/>\n<meta property=\"og:title\" content=\"Pr\u00e9sentation de J\u00e9r\u00f4me BECKER - Actualis Informatique\" \/>\n<meta property=\"og:description\" content=\"Chaque semaine nous vous pr\u00e9sentons un membre de notre \u00e9quipe, aujourd\u2019hui c\u2019est le tour de&nbsp;J\u00e9r\u00f4me Becker, notre Directeur G\u00e9n\u00e9ral qui \u00e9volue chez Actualis Informatique depuis 2016. \ud83e\udd29 \u2705 Afin de mieux le d\u00e9couvrir nous lui avons pos\u00e9 quelques questions sur son parcours&nbsp;\ud83d\udc47 \ud83d\udc47 \ud83d\udc47 \u27a1 Que fais-tu chez Actualis Informatique&nbsp;? \ud83d\udcbb Je suis en charge ... Lire la suite\" \/>\n<meta property=\"og:url\" content=\"https:\/\/actualis-informatique.fr\/blog\/\ud83c\udfaf-presentation-de-lequipe-actualis-informatique-\ud83c\udfaf-2\/\" \/>\n<meta property=\"og:site_name\" content=\"Actualis Informatique\" \/>\n<meta property=\"article:published_time\" content=\"2021-10-18T11:57:03+00:00\" \/>\n<meta property=\"article:modified_time\" content=\"2021-11-22T08:40:17+00:00\" \/>\n<meta property=\"og:image\" content=\"https:\/\/actualis-informatique.fr\/blog\/wp-content\/uploads\/2021\/10\/1634199934529-724x1024.png\" \/>\n<meta name=\"author\" content=\"Admin Actualis\" \/>\n<meta name=\"twitter:card\" content=\"summary_large_image\" \/>\n<meta name=\"twitter:label1\" content=\"\u00c9crit par\" \/>\n\t<meta name=\"twitter:data1\" content=\"Admin Actualis\" \/>\n\t<meta name=\"twitter:label2\" content=\"Dur\u00e9e de lecture estim\u00e9e\" \/>\n\t<meta name=\"twitter:data2\" content=\"2 minutes\" \/>\n<script type=\"application\/ld+json\" class=\"yoast-schema-graph\">{\"@context\":\"https:\/\/schema.org\",\"@graph\":[{\"@type\":\"Article\",\"@id\":\"https:\/\/actualis-informatique.fr\/blog\/%f0%9f%8e%af-presentation-de-lequipe-actualis-informatique-%f0%9f%8e%af-2\/#article\",\"isPartOf\":{\"@id\":\"https:\/\/actualis-informatique.fr\/blog\/%f0%9f%8e%af-presentation-de-lequipe-actualis-informatique-%f0%9f%8e%af-2\/\"},\"author\":{\"name\":\"Admin Actualis\",\"@id\":\"https:\/\/actualis-informatique.fr\/blog\/#\/schema\/person\/f3b75a09b6e042fe0cef4bec921097fc\"},\"headline\":\"Pr\u00e9sentation de J\u00e9r\u00f4me BECKER\",\"datePublished\":\"2021-10-18T11:57:03+00:00\",\"dateModified\":\"2021-11-22T08:40:17+00:00\",\"mainEntityOfPage\":{\"@id\":\"https:\/\/actualis-informatique.fr\/blog\/%f0%9f%8e%af-presentation-de-lequipe-actualis-informatique-%f0%9f%8e%af-2\/\"},\"wordCount\":326,\"publisher\":{\"@id\":\"https:\/\/actualis-informatique.fr\/blog\/#organization\"},\"image\":{\"@id\":\"https:\/\/actualis-informatique.fr\/blog\/%f0%9f%8e%af-presentation-de-lequipe-actualis-informatique-%f0%9f%8e%af-2\/#primaryimage\"},\"thumbnailUrl\":\"https:\/\/actualis-informatique.fr\/blog\/wp-content\/uploads\/2021\/10\/1634199934529-724x1024.png\",\"keywords\":[\"pr\u00e9sentation\",\"wildix\"],\"articleSection\":[\"Pr\u00e9sentation des membres\"],\"inLanguage\":\"fr-FR\"},{\"@type\":\"WebPage\",\"@id\":\"https:\/\/actualis-informatique.fr\/blog\/%f0%9f%8e%af-presentation-de-lequipe-actualis-informatique-%f0%9f%8e%af-2\/\",\"url\":\"https:\/\/actualis-informatique.fr\/blog\/%f0%9f%8e%af-presentation-de-lequipe-actualis-informatique-%f0%9f%8e%af-2\/\",\"name\":\"Pr\u00e9sentation de J\u00e9r\u00f4me BECKER - Actualis Informatique\",\"isPartOf\":{\"@id\":\"https:\/\/actualis-informatique.fr\/blog\/#website\"},\"primaryImageOfPage\":{\"@id\":\"https:\/\/actualis-informatique.fr\/blog\/%f0%9f%8e%af-presentation-de-lequipe-actualis-informatique-%f0%9f%8e%af-2\/#primaryimage\"},\"image\":{\"@id\":\"https:\/\/actualis-informatique.fr\/blog\/%f0%9f%8e%af-presentation-de-lequipe-actualis-informatique-%f0%9f%8e%af-2\/#primaryimage\"},\"thumbnailUrl\":\"https:\/\/actualis-informatique.fr\/blog\/wp-content\/uploads\/2021\/10\/1634199934529-724x1024.png\",\"datePublished\":\"2021-10-18T11:57:03+00:00\",\"dateModified\":\"2021-11-22T08:40:17+00:00\",\"breadcrumb\":{\"@id\":\"https:\/\/actualis-informatique.fr\/blog\/%f0%9f%8e%af-presentation-de-lequipe-actualis-informatique-%f0%9f%8e%af-2\/#breadcrumb\"},\"inLanguage\":\"fr-FR\",\"potentialAction\":[{\"@type\":\"ReadAction\",\"target\":[\"https:\/\/actualis-informatique.fr\/blog\/%f0%9f%8e%af-presentation-de-lequipe-actualis-informatique-%f0%9f%8e%af-2\/\"]}]},{\"@type\":\"ImageObject\",\"inLanguage\":\"fr-FR\",\"@id\":\"https:\/\/actualis-informatique.fr\/blog\/%f0%9f%8e%af-presentation-de-lequipe-actualis-informatique-%f0%9f%8e%af-2\/#primaryimage\",\"url\":\"https:\/\/actualis-informatique.fr\/blog\/wp-content\/uploads\/2021\/10\/1634199934529.png\",\"contentUrl\":\"https:\/\/actualis-informatique.fr\/blog\/wp-content\/uploads\/2021\/10\/1634199934529.png\",\"width\":800,\"height\":1131},{\"@type\":\"BreadcrumbList\",\"@id\":\"https:\/\/actualis-informatique.fr\/blog\/%f0%9f%8e%af-presentation-de-lequipe-actualis-informatique-%f0%9f%8e%af-2\/#breadcrumb\",\"itemListElement\":[{\"@type\":\"ListItem\",\"position\":1,\"name\":\"Accueil\",\"item\":\"https:\/\/actualis-informatique.fr\/blog\/\"},{\"@type\":\"ListItem\",\"position\":2,\"name\":\"Pr\u00e9sentation de J\u00e9r\u00f4me BECKER\"}]},{\"@type\":\"WebSite\",\"@id\":\"https:\/\/actualis-informatique.fr\/blog\/#website\",\"url\":\"https:\/\/actualis-informatique.fr\/blog\/\",\"name\":\"Actualis Informatique\",\"description\":\"Votre partenaire MSP\",\"publisher\":{\"@id\":\"https:\/\/actualis-informatique.fr\/blog\/#organization\"},\"potentialAction\":[{\"@type\":\"SearchAction\",\"target\":{\"@type\":\"EntryPoint\",\"urlTemplate\":\"https:\/\/actualis-informatique.fr\/blog\/?s={search_term_string}\"},\"query-input\":{\"@type\":\"PropertyValueSpecification\",\"valueRequired\":true,\"valueName\":\"search_term_string\"}}],\"inLanguage\":\"fr-FR\"},{\"@type\":\"Organization\",\"@id\":\"https:\/\/actualis-informatique.fr\/blog\/#organization\",\"name\":\"Actualis Informatique\",\"url\":\"https:\/\/actualis-informatique.fr\/blog\/\",\"logo\":{\"@type\":\"ImageObject\",\"inLanguage\":\"fr-FR\",\"@id\":\"https:\/\/actualis-informatique.fr\/blog\/#\/schema\/logo\/image\/\",\"url\":\"https:\/\/actualis-informatique.fr\/blog\/wp-content\/uploads\/2021\/09\/cropped-logox240.jpg\",\"contentUrl\":\"https:\/\/actualis-informatique.fr\/blog\/wp-content\/uploads\/2021\/09\/cropped-logox240.jpg\",\"width\":240,\"height\":64,\"caption\":\"Actualis Informatique\"},\"image\":{\"@id\":\"https:\/\/actualis-informatique.fr\/blog\/#\/schema\/logo\/image\/\"}},{\"@type\":\"Person\",\"@id\":\"https:\/\/actualis-informatique.fr\/blog\/#\/schema\/person\/f3b75a09b6e042fe0cef4bec921097fc\",\"name\":\"Admin Actualis\",\"image\":{\"@type\":\"ImageObject\",\"inLanguage\":\"fr-FR\",\"@id\":\"https:\/\/actualis-informatique.fr\/blog\/#\/schema\/person\/image\/\",\"url\":\"https:\/\/secure.gravatar.com\/avatar\/bffc5567dcb5ac5b9f4df62f65ac3b0b9ffc9391f80965c0a483e6c1481390bb?s=96&d=mm&r=g\",\"contentUrl\":\"https:\/\/secure.gravatar.com\/avatar\/bffc5567dcb5ac5b9f4df62f65ac3b0b9ffc9391f80965c0a483e6c1481390bb?s=96&d=mm&r=g\",\"caption\":\"Admin Actualis\"},\"url\":\"https:\/\/actualis-informatique.fr\/blog\/author\/adrien_pkmt51\/\"}]}<\/script>\n<!-- \/ Yoast SEO plugin. -->","yoast_head_json":{"title":"Pr\u00e9sentation de J\u00e9r\u00f4me BECKER - Actualis Informatique","robots":{"index":"index","follow":"follow","max-snippet":"max-snippet:-1","max-image-preview":"max-image-preview:large","max-video-preview":"max-video-preview:-1"},"canonical":"https:\/\/actualis-informatique.fr\/blog\/\ud83c\udfaf-presentation-de-lequipe-actualis-informatique-\ud83c\udfaf-2\/","og_locale":"fr_FR","og_type":"article","og_title":"Pr\u00e9sentation de J\u00e9r\u00f4me BECKER - Actualis Informatique","og_description":"Chaque semaine nous vous pr\u00e9sentons un membre de notre \u00e9quipe, aujourd\u2019hui c\u2019est le tour de&nbsp;J\u00e9r\u00f4me Becker, notre Directeur G\u00e9n\u00e9ral qui \u00e9volue chez Actualis Informatique depuis 2016. \ud83e\udd29 \u2705 Afin de mieux le d\u00e9couvrir nous lui avons pos\u00e9 quelques questions sur son parcours&nbsp;\ud83d\udc47 \ud83d\udc47 \ud83d\udc47 \u27a1 Que fais-tu chez Actualis Informatique&nbsp;? \ud83d\udcbb Je suis en charge ... Lire la suite","og_url":"https:\/\/actualis-informatique.fr\/blog\/\ud83c\udfaf-presentation-de-lequipe-actualis-informatique-\ud83c\udfaf-2\/","og_site_name":"Actualis Informatique","article_published_time":"2021-10-18T11:57:03+00:00","article_modified_time":"2021-11-22T08:40:17+00:00","og_image":[{"url":"https:\/\/actualis-informatique.fr\/blog\/wp-content\/uploads\/2021\/10\/1634199934529-724x1024.png","type":"","width":"","height":""}],"author":"Admin Actualis","twitter_card":"summary_large_image","twitter_misc":{"\u00c9crit par":"Admin Actualis","Dur\u00e9e de lecture estim\u00e9e":"2 minutes"},"schema":{"@context":"https:\/\/schema.org","@graph":[{"@type":"Article","@id":"https:\/\/actualis-informatique.fr\/blog\/%f0%9f%8e%af-presentation-de-lequipe-actualis-informatique-%f0%9f%8e%af-2\/#article","isPartOf":{"@id":"https:\/\/actualis-informatique.fr\/blog\/%f0%9f%8e%af-presentation-de-lequipe-actualis-informatique-%f0%9f%8e%af-2\/"},"author":{"name":"Admin Actualis","@id":"https:\/\/actualis-informatique.fr\/blog\/#\/schema\/person\/f3b75a09b6e042fe0cef4bec921097fc"},"headline":"Pr\u00e9sentation de J\u00e9r\u00f4me BECKER","datePublished":"2021-10-18T11:57:03+00:00","dateModified":"2021-11-22T08:40:17+00:00","mainEntityOfPage":{"@id":"https:\/\/actualis-informatique.fr\/blog\/%f0%9f%8e%af-presentation-de-lequipe-actualis-informatique-%f0%9f%8e%af-2\/"},"wordCount":326,"publisher":{"@id":"https:\/\/actualis-informatique.fr\/blog\/#organization"},"image":{"@id":"https:\/\/actualis-informatique.fr\/blog\/%f0%9f%8e%af-presentation-de-lequipe-actualis-informatique-%f0%9f%8e%af-2\/#primaryimage"},"thumbnailUrl":"https:\/\/actualis-informatique.fr\/blog\/wp-content\/uploads\/2021\/10\/1634199934529-724x1024.png","keywords":["pr\u00e9sentation","wildix"],"articleSection":["Pr\u00e9sentation des membres"],"inLanguage":"fr-FR"},{"@type":"WebPage","@id":"https:\/\/actualis-informatique.fr\/blog\/%f0%9f%8e%af-presentation-de-lequipe-actualis-informatique-%f0%9f%8e%af-2\/","url":"https:\/\/actualis-informatique.fr\/blog\/%f0%9f%8e%af-presentation-de-lequipe-actualis-informatique-%f0%9f%8e%af-2\/","name":"Pr\u00e9sentation de J\u00e9r\u00f4me BECKER - Actualis Informatique","isPartOf":{"@id":"https:\/\/actualis-informatique.fr\/blog\/#website"},"primaryImageOfPage":{"@id":"https:\/\/actualis-informatique.fr\/blog\/%f0%9f%8e%af-presentation-de-lequipe-actualis-informatique-%f0%9f%8e%af-2\/#primaryimage"},"image":{"@id":"https:\/\/actualis-informatique.fr\/blog\/%f0%9f%8e%af-presentation-de-lequipe-actualis-informatique-%f0%9f%8e%af-2\/#primaryimage"},"thumbnailUrl":"https:\/\/actualis-informatique.fr\/blog\/wp-content\/uploads\/2021\/10\/1634199934529-724x1024.png","datePublished":"2021-10-18T11:57:03+00:00","dateModified":"2021-11-22T08:40:17+00:00","breadcrumb":{"@id":"https:\/\/actualis-informatique.fr\/blog\/%f0%9f%8e%af-presentation-de-lequipe-actualis-informatique-%f0%9f%8e%af-2\/#breadcrumb"},"inLanguage":"fr-FR","potentialAction":[{"@type":"ReadAction","target":["https:\/\/actualis-informatique.fr\/blog\/%f0%9f%8e%af-presentation-de-lequipe-actualis-informatique-%f0%9f%8e%af-2\/"]}]},{"@type":"ImageObject","inLanguage":"fr-FR","@id":"https:\/\/actualis-informatique.fr\/blog\/%f0%9f%8e%af-presentation-de-lequipe-actualis-informatique-%f0%9f%8e%af-2\/#primaryimage","url":"https:\/\/actualis-informatique.fr\/blog\/wp-content\/uploads\/2021\/10\/1634199934529.png","contentUrl":"https:\/\/actualis-informatique.fr\/blog\/wp-content\/uploads\/2021\/10\/1634199934529.png","width":800,"height":1131},{"@type":"BreadcrumbList","@id":"https:\/\/actualis-informatique.fr\/blog\/%f0%9f%8e%af-presentation-de-lequipe-actualis-informatique-%f0%9f%8e%af-2\/#breadcrumb","itemListElement":[{"@type":"ListItem","position":1,"name":"Accueil","item":"https:\/\/actualis-informatique.fr\/blog\/"},{"@type":"ListItem","position":2,"name":"Pr\u00e9sentation de J\u00e9r\u00f4me BECKER"}]},{"@type":"WebSite","@id":"https:\/\/actualis-informatique.fr\/blog\/#website","url":"https:\/\/actualis-informatique.fr\/blog\/","name":"Actualis Informatique","description":"Votre partenaire MSP","publisher":{"@id":"https:\/\/actualis-informatique.fr\/blog\/#organization"},"potentialAction":[{"@type":"SearchAction","target":{"@type":"EntryPoint","urlTemplate":"https:\/\/actualis-informatique.fr\/blog\/?s={search_term_string}"},"query-input":{"@type":"PropertyValueSpecification","valueRequired":true,"valueName":"search_term_string"}}],"inLanguage":"fr-FR"},{"@type":"Organization","@id":"https:\/\/actualis-informatique.fr\/blog\/#organization","name":"Actualis Informatique","url":"https:\/\/actualis-informatique.fr\/blog\/","logo":{"@type":"ImageObject","inLanguage":"fr-FR","@id":"https:\/\/actualis-informatique.fr\/blog\/#\/schema\/logo\/image\/","url":"https:\/\/actualis-informatique.fr\/blog\/wp-content\/uploads\/2021\/09\/cropped-logox240.jpg","contentUrl":"https:\/\/actualis-informatique.fr\/blog\/wp-content\/uploads\/2021\/09\/cropped-logox240.jpg","width":240,"height":64,"caption":"Actualis Informatique"},"image":{"@id":"https:\/\/actualis-informatique.fr\/blog\/#\/schema\/logo\/image\/"}},{"@type":"Person","@id":"https:\/\/actualis-informatique.fr\/blog\/#\/schema\/person\/f3b75a09b6e042fe0cef4bec921097fc","name":"Admin Actualis","image":{"@type":"ImageObject","inLanguage":"fr-FR","@id":"https:\/\/actualis-informatique.fr\/blog\/#\/schema\/person\/image\/","url":"https:\/\/secure.gravatar.com\/avatar\/bffc5567dcb5ac5b9f4df62f65ac3b0b9ffc9391f80965c0a483e6c1481390bb?s=96&d=mm&r=g","contentUrl":"https:\/\/secure.gravatar.com\/avatar\/bffc5567dcb5ac5b9f4df62f65ac3b0b9ffc9391f80965c0a483e6c1481390bb?s=96&d=mm&r=g","caption":"Admin Actualis"},"url":"https:\/\/actualis-informatique.fr\/blog\/author\/adrien_pkmt51\/"}]}},"jetpack_sharing_enabled":true,"jetpack_featured_media_url":"","_links":{"self":[{"href":"https:\/\/actualis-informatique.fr\/blog\/wp-json\/wp\/v2\/posts\/60","targetHints":{"allow":["GET"]}}],"collection":[{"href":"https:\/\/actualis-informatique.fr\/blog\/wp-json\/wp\/v2\/posts"}],"about":[{"href":"https:\/\/actualis-informatique.fr\/blog\/wp-json\/wp\/v2\/types\/post"}],"author":[{"embeddable":true,"href":"https:\/\/actualis-informatique.fr\/blog\/wp-json\/wp\/v2\/users\/2"}],"replies":[{"embeddable":true,"href":"https:\/\/actualis-informatique.fr\/blog\/wp-json\/wp\/v2\/comments?post=60"}],"version-history":[{"count":4,"href":"https:\/\/actualis-informatique.fr\/blog\/wp-json\/wp\/v2\/posts\/60\/revisions"}],"predecessor-version":[{"id":121,"href":"https:\/\/actualis-informatique.fr\/blog\/wp-json\/wp\/v2\/posts\/60\/revisions\/121"}],"wp:attachment":[{"href":"https:\/\/actualis-informatique.fr\/blog\/wp-json\/wp\/v2\/media?parent=60"}],"wp:term":[{"taxonomy":"category","embeddable":true,"href":"https:\/\/actualis-informatique.fr\/blog\/wp-json\/wp\/v2\/categories?post=60"},{"taxonomy":"post_tag","embeddable":true,"href":"https:\/\/actualis-informatique.fr\/blog\/wp-json\/wp\/v2\/tags?post=60"}],"curies":[{"name":"wp","href":"https:\/\/api.w.org\/{rel}","templated":true}]}}