{"id":122,"date":"2021-11-22T09:12:46","date_gmt":"2021-11-22T09:12:46","guid":{"rendered":"https:\/\/actualis-informatique.fr\/blog\/?p=122"},"modified":"2021-11-22T09:29:14","modified_gmt":"2021-11-22T09:29:14","slug":"presentation-de-thomas-budziak","status":"publish","type":"post","link":"https:\/\/actualis-informatique.fr\/blog\/presentation-de-thomas-budziak\/","title":{"rendered":"Pr\u00e9sentation de Thomas BUDZIAK"},"content":{"rendered":"\n<p>Aujourd\u2019hui, nous vous pr\u00e9sentons un <strong>membre de notre \u00e9quipe<\/strong>, aujourd\u2019hui c\u2019est le tour de Thomas BUDZIAK, notre <strong>technicien informatique et r\u00e9seaux<\/strong> qui \u00e9volue chez Actualis Informatique depuis<strong> juillet 2021. <\/strong><strong>\ud83e\udd29\u2705<\/strong><\/p>\n\n\n\n<p>Afin de mieux le d\u00e9couvrir nous lui avons pos\u00e9 quelques questions sur <strong>son parcours<\/strong>&nbsp;\ud83d\udc47\ud83d\udc47\ud83d\udc47<\/p>\n\n\n\n<p>\u27a1 Que fais-tu chez <strong>Actualis Informatique<\/strong>&nbsp;? \ud83d\udc68\u200d\ud83d\udcbb<\/p>\n\n\n\n<p>Je suis technicien helpdesk au sein de l\u2019entreprise. Je peux \u00eatre amen\u00e9 \u00e0 intervenir chez un client pour la mise en place de mat\u00e9riel informatique et r\u00e9seau. \ud83d\udcbb<\/p>\n\n\n\n<p>\u27a1 Que fais-tu comme <strong>\u00e9tude<\/strong>&nbsp;? \ud83d\udc68\u200d\ud83c\udf93<\/p>\n\n\n\n<p>Je suis actuellement en BTS SIO (Service Informatique aux Organisations) option informatique et r\u00e9seaux, j\u2019\u00e9tudie au sein du P\u00f4le Formation UIMM Lorraine de Yutz. \ud83d\udcd7<\/p>\n\n\n\n<p>\u27a1 Qu\u2019est-ce qui te pla\u00eet chez Actualis Informatique ? \u2600<\/p>\n\n\n\n<p>Ce qui me pla\u00eet c\u2019est la diversit\u00e9 des interventions ainsi que la multitude de services qu\u2019Actualis Informatique propose \u00e0 ses clients. J\u2019aime aussi cette entreprise pour la coh\u00e9sion qui r\u00e8gne au sein de notre \u00e9quipe. \u2728<\/p>\n\n\n\n<p>\u27a1 Qu\u2019est-ce qui te <strong>pla\u00eet dans la vie<\/strong>&nbsp;? \ud83d\ude01<\/p>\n\n\n\n<p>Depuis tout jeune, je suis passionn\u00e9 par les nouvelles technologies, cela explique mon choix dans ma voie professionnelle. Je suis aussi tr\u00e8s attir\u00e9 par l\u2019astronomie, secteur que je trouve passionnant. \ud83d\ude80<\/p>\n\n\n\n<p>Et tout comme mon coll\u00e8gue Victorien VINOT, j\u2019adore le football et plus particuli\u00e8rement le FC Metz. \u26bd<\/p>\n\n\n\n<p>\u00c0 tr\u00e8s vite pour d\u00e9couvrir un nouveau membre de l\u2019\u00e9quipe d\u2019Actualis Informatique&nbsp;! \ud83d\udca5 \ud83d\udca5 \ud83d\udca5<\/p>\n\n\n\n<p><a href=\"https:\/\/actualis-informatique.fr\/blog\/wildix-vs-google-meet-quelles-sont-les-fonctionnalites-maitresses\/\">Retrouvez notre dernier article sur Wildix en cliquant ici ! <\/a><\/p>\n\n\n\n<p>\u2705 Contactez-nous&nbsp;:<\/p>\n\n\n\n<p>\ud83d\udce9 contact@actualis-info.fr<\/p>\n\n\n\n<p>\ud83d\udcde +33 (0)3 72 39 52 90<\/p>\n\n\n\n<p>#informatique #interview #pr\u00e9sentation #num\u00e9rique #actualisinformatique #wildix<\/p>\n\n\n\n<div class=\"wp-block-image\"><figure class=\"aligncenter size-large is-resized\"><img loading=\"lazy\" decoding=\"async\" src=\"https:\/\/actualis-informatique.fr\/blog\/wp-content\/uploads\/2021\/11\/image-724x1024.png\" alt=\"\" class=\"wp-image-123\" width=\"465\" height=\"658\" srcset=\"https:\/\/actualis-informatique.fr\/blog\/wp-content\/uploads\/2021\/11\/image-724x1024.png 724w, https:\/\/actualis-informatique.fr\/blog\/wp-content\/uploads\/2021\/11\/image-212x300.png 212w, https:\/\/actualis-informatique.fr\/blog\/wp-content\/uploads\/2021\/11\/image-768x1086.png 768w, https:\/\/actualis-informatique.fr\/blog\/wp-content\/uploads\/2021\/11\/image.png 945w\" sizes=\"auto, (max-width: 465px) 100vw, 465px\" \/><\/figure><\/div>\n\n\n\n<p><\/p>\n","protected":false},"excerpt":{"rendered":"<p>Aujourd\u2019hui, nous vous pr\u00e9sentons un membre de notre \u00e9quipe, aujourd\u2019hui c\u2019est le tour de Thomas BUDZIAK, notre technicien informatique et r\u00e9seaux qui \u00e9volue chez Actualis Informatique depuis juillet 2021. \ud83e\udd29\u2705 Afin de mieux le d\u00e9couvrir nous lui avons pos\u00e9 quelques questions sur son parcours&nbsp;\ud83d\udc47\ud83d\udc47\ud83d\udc47 \u27a1 Que fais-tu chez Actualis Informatique&nbsp;? \ud83d\udc68\u200d\ud83d\udcbb Je suis technicien helpdesk &#8230; <a title=\"Pr\u00e9sentation de Thomas BUDZIAK\" class=\"read-more\" href=\"https:\/\/actualis-informatique.fr\/blog\/presentation-de-thomas-budziak\/\" aria-label=\"En savoir plus sur Pr\u00e9sentation de Thomas BUDZIAK\">Lire la suite<\/a><\/p>\n","protected":false},"author":2,"featured_media":0,"comment_status":"closed","ping_status":"closed","sticky":false,"template":"","format":"standard","meta":{"_jetpack_memberships_contains_paid_content":false,"footnotes":""},"categories":[1],"tags":[22,5,3,11],"class_list":["post-122","post","type-post","status-publish","format-standard","hentry","category-presentation-de-lequipe-actualis-informatique","tag-actualis","tag-informatique","tag-presentation","tag-wildix"],"yoast_head":"<!-- This site is optimized with the Yoast SEO plugin v24.3 - https:\/\/yoast.com\/wordpress\/plugins\/seo\/ -->\n<title>Pr\u00e9sentation de Thomas BUDZIAK -<\/title>\n<meta name=\"description\" content=\"Retrouvez la pr\u00e9sentation de Thomas BUDZIAK, notre technicien informatique et r\u00e9seaux qui \u00e9volue chez Actualis depuis Juillet 2021.\" \/>\n<meta name=\"robots\" content=\"index, follow, max-snippet:-1, max-image-preview:large, max-video-preview:-1\" \/>\n<link rel=\"canonical\" href=\"https:\/\/actualis-informatique.fr\/blog\/presentation-de-thomas-budziak\/\" \/>\n<meta property=\"og:locale\" content=\"fr_FR\" \/>\n<meta property=\"og:type\" content=\"article\" \/>\n<meta property=\"og:title\" content=\"Pr\u00e9sentation de Thomas BUDZIAK -\" \/>\n<meta property=\"og:description\" content=\"Retrouvez la pr\u00e9sentation de Thomas BUDZIAK, notre technicien informatique et r\u00e9seaux qui \u00e9volue chez Actualis depuis Juillet 2021.\" \/>\n<meta property=\"og:url\" content=\"https:\/\/actualis-informatique.fr\/blog\/presentation-de-thomas-budziak\/\" \/>\n<meta property=\"og:site_name\" content=\"Actualis Informatique\" \/>\n<meta property=\"article:published_time\" content=\"2021-11-22T09:12:46+00:00\" \/>\n<meta property=\"article:modified_time\" content=\"2021-11-22T09:29:14+00:00\" \/>\n<meta property=\"og:image\" content=\"https:\/\/actualis-informatique.fr\/blog\/wp-content\/uploads\/2021\/11\/image-724x1024.png\" \/>\n<meta name=\"author\" content=\"Admin Actualis\" \/>\n<meta name=\"twitter:card\" content=\"summary_large_image\" \/>\n<meta name=\"twitter:label1\" content=\"\u00c9crit par\" \/>\n\t<meta name=\"twitter:data1\" content=\"Admin Actualis\" \/>\n\t<meta name=\"twitter:label2\" content=\"Dur\u00e9e de lecture estim\u00e9e\" \/>\n\t<meta name=\"twitter:data2\" content=\"2 minutes\" \/>\n<script type=\"application\/ld+json\" class=\"yoast-schema-graph\">{\"@context\":\"https:\/\/schema.org\",\"@graph\":[{\"@type\":\"Article\",\"@id\":\"https:\/\/actualis-informatique.fr\/blog\/presentation-de-thomas-budziak\/#article\",\"isPartOf\":{\"@id\":\"https:\/\/actualis-informatique.fr\/blog\/presentation-de-thomas-budziak\/\"},\"author\":{\"name\":\"Admin Actualis\",\"@id\":\"https:\/\/actualis-informatique.fr\/blog\/#\/schema\/person\/f3b75a09b6e042fe0cef4bec921097fc\"},\"headline\":\"Pr\u00e9sentation de Thomas BUDZIAK\",\"datePublished\":\"2021-11-22T09:12:46+00:00\",\"dateModified\":\"2021-11-22T09:29:14+00:00\",\"mainEntityOfPage\":{\"@id\":\"https:\/\/actualis-informatique.fr\/blog\/presentation-de-thomas-budziak\/\"},\"wordCount\":269,\"publisher\":{\"@id\":\"https:\/\/actualis-informatique.fr\/blog\/#organization\"},\"image\":{\"@id\":\"https:\/\/actualis-informatique.fr\/blog\/presentation-de-thomas-budziak\/#primaryimage\"},\"thumbnailUrl\":\"https:\/\/actualis-informatique.fr\/blog\/wp-content\/uploads\/2021\/11\/image-724x1024.png\",\"keywords\":[\"actualis\",\"informatique\",\"pr\u00e9sentation\",\"wildix\"],\"articleSection\":[\"Pr\u00e9sentation des membres\"],\"inLanguage\":\"fr-FR\"},{\"@type\":\"WebPage\",\"@id\":\"https:\/\/actualis-informatique.fr\/blog\/presentation-de-thomas-budziak\/\",\"url\":\"https:\/\/actualis-informatique.fr\/blog\/presentation-de-thomas-budziak\/\",\"name\":\"Pr\u00e9sentation de Thomas BUDZIAK -\",\"isPartOf\":{\"@id\":\"https:\/\/actualis-informatique.fr\/blog\/#website\"},\"primaryImageOfPage\":{\"@id\":\"https:\/\/actualis-informatique.fr\/blog\/presentation-de-thomas-budziak\/#primaryimage\"},\"image\":{\"@id\":\"https:\/\/actualis-informatique.fr\/blog\/presentation-de-thomas-budziak\/#primaryimage\"},\"thumbnailUrl\":\"https:\/\/actualis-informatique.fr\/blog\/wp-content\/uploads\/2021\/11\/image-724x1024.png\",\"datePublished\":\"2021-11-22T09:12:46+00:00\",\"dateModified\":\"2021-11-22T09:29:14+00:00\",\"description\":\"Retrouvez la pr\u00e9sentation de Thomas BUDZIAK, notre technicien informatique et r\u00e9seaux qui \u00e9volue chez Actualis depuis Juillet 2021.\",\"breadcrumb\":{\"@id\":\"https:\/\/actualis-informatique.fr\/blog\/presentation-de-thomas-budziak\/#breadcrumb\"},\"inLanguage\":\"fr-FR\",\"potentialAction\":[{\"@type\":\"ReadAction\",\"target\":[\"https:\/\/actualis-informatique.fr\/blog\/presentation-de-thomas-budziak\/\"]}]},{\"@type\":\"ImageObject\",\"inLanguage\":\"fr-FR\",\"@id\":\"https:\/\/actualis-informatique.fr\/blog\/presentation-de-thomas-budziak\/#primaryimage\",\"url\":\"https:\/\/actualis-informatique.fr\/blog\/wp-content\/uploads\/2021\/11\/image.png\",\"contentUrl\":\"https:\/\/actualis-informatique.fr\/blog\/wp-content\/uploads\/2021\/11\/image.png\",\"width\":945,\"height\":1336},{\"@type\":\"BreadcrumbList\",\"@id\":\"https:\/\/actualis-informatique.fr\/blog\/presentation-de-thomas-budziak\/#breadcrumb\",\"itemListElement\":[{\"@type\":\"ListItem\",\"position\":1,\"name\":\"Accueil\",\"item\":\"https:\/\/actualis-informatique.fr\/blog\/\"},{\"@type\":\"ListItem\",\"position\":2,\"name\":\"Pr\u00e9sentation de Thomas BUDZIAK\"}]},{\"@type\":\"WebSite\",\"@id\":\"https:\/\/actualis-informatique.fr\/blog\/#website\",\"url\":\"https:\/\/actualis-informatique.fr\/blog\/\",\"name\":\"Actualis Informatique\",\"description\":\"Votre partenaire MSP\",\"publisher\":{\"@id\":\"https:\/\/actualis-informatique.fr\/blog\/#organization\"},\"potentialAction\":[{\"@type\":\"SearchAction\",\"target\":{\"@type\":\"EntryPoint\",\"urlTemplate\":\"https:\/\/actualis-informatique.fr\/blog\/?s={search_term_string}\"},\"query-input\":{\"@type\":\"PropertyValueSpecification\",\"valueRequired\":true,\"valueName\":\"search_term_string\"}}],\"inLanguage\":\"fr-FR\"},{\"@type\":\"Organization\",\"@id\":\"https:\/\/actualis-informatique.fr\/blog\/#organization\",\"name\":\"Actualis Informatique\",\"url\":\"https:\/\/actualis-informatique.fr\/blog\/\",\"logo\":{\"@type\":\"ImageObject\",\"inLanguage\":\"fr-FR\",\"@id\":\"https:\/\/actualis-informatique.fr\/blog\/#\/schema\/logo\/image\/\",\"url\":\"https:\/\/actualis-informatique.fr\/blog\/wp-content\/uploads\/2021\/09\/cropped-logox240.jpg\",\"contentUrl\":\"https:\/\/actualis-informatique.fr\/blog\/wp-content\/uploads\/2021\/09\/cropped-logox240.jpg\",\"width\":240,\"height\":64,\"caption\":\"Actualis Informatique\"},\"image\":{\"@id\":\"https:\/\/actualis-informatique.fr\/blog\/#\/schema\/logo\/image\/\"}},{\"@type\":\"Person\",\"@id\":\"https:\/\/actualis-informatique.fr\/blog\/#\/schema\/person\/f3b75a09b6e042fe0cef4bec921097fc\",\"name\":\"Admin Actualis\",\"image\":{\"@type\":\"ImageObject\",\"inLanguage\":\"fr-FR\",\"@id\":\"https:\/\/actualis-informatique.fr\/blog\/#\/schema\/person\/image\/\",\"url\":\"https:\/\/secure.gravatar.com\/avatar\/bffc5567dcb5ac5b9f4df62f65ac3b0b9ffc9391f80965c0a483e6c1481390bb?s=96&d=mm&r=g\",\"contentUrl\":\"https:\/\/secure.gravatar.com\/avatar\/bffc5567dcb5ac5b9f4df62f65ac3b0b9ffc9391f80965c0a483e6c1481390bb?s=96&d=mm&r=g\",\"caption\":\"Admin Actualis\"},\"url\":\"https:\/\/actualis-informatique.fr\/blog\/author\/adrien_pkmt51\/\"}]}<\/script>\n<!-- \/ Yoast SEO plugin. -->","yoast_head_json":{"title":"Pr\u00e9sentation de Thomas BUDZIAK -","description":"Retrouvez la pr\u00e9sentation de Thomas BUDZIAK, notre technicien informatique et r\u00e9seaux qui \u00e9volue chez Actualis depuis Juillet 2021.","robots":{"index":"index","follow":"follow","max-snippet":"max-snippet:-1","max-image-preview":"max-image-preview:large","max-video-preview":"max-video-preview:-1"},"canonical":"https:\/\/actualis-informatique.fr\/blog\/presentation-de-thomas-budziak\/","og_locale":"fr_FR","og_type":"article","og_title":"Pr\u00e9sentation de Thomas BUDZIAK -","og_description":"Retrouvez la pr\u00e9sentation de Thomas BUDZIAK, notre technicien informatique et r\u00e9seaux qui \u00e9volue chez Actualis depuis Juillet 2021.","og_url":"https:\/\/actualis-informatique.fr\/blog\/presentation-de-thomas-budziak\/","og_site_name":"Actualis Informatique","article_published_time":"2021-11-22T09:12:46+00:00","article_modified_time":"2021-11-22T09:29:14+00:00","og_image":[{"url":"https:\/\/actualis-informatique.fr\/blog\/wp-content\/uploads\/2021\/11\/image-724x1024.png","type":"","width":"","height":""}],"author":"Admin Actualis","twitter_card":"summary_large_image","twitter_misc":{"\u00c9crit par":"Admin Actualis","Dur\u00e9e de lecture estim\u00e9e":"2 minutes"},"schema":{"@context":"https:\/\/schema.org","@graph":[{"@type":"Article","@id":"https:\/\/actualis-informatique.fr\/blog\/presentation-de-thomas-budziak\/#article","isPartOf":{"@id":"https:\/\/actualis-informatique.fr\/blog\/presentation-de-thomas-budziak\/"},"author":{"name":"Admin Actualis","@id":"https:\/\/actualis-informatique.fr\/blog\/#\/schema\/person\/f3b75a09b6e042fe0cef4bec921097fc"},"headline":"Pr\u00e9sentation de Thomas BUDZIAK","datePublished":"2021-11-22T09:12:46+00:00","dateModified":"2021-11-22T09:29:14+00:00","mainEntityOfPage":{"@id":"https:\/\/actualis-informatique.fr\/blog\/presentation-de-thomas-budziak\/"},"wordCount":269,"publisher":{"@id":"https:\/\/actualis-informatique.fr\/blog\/#organization"},"image":{"@id":"https:\/\/actualis-informatique.fr\/blog\/presentation-de-thomas-budziak\/#primaryimage"},"thumbnailUrl":"https:\/\/actualis-informatique.fr\/blog\/wp-content\/uploads\/2021\/11\/image-724x1024.png","keywords":["actualis","informatique","pr\u00e9sentation","wildix"],"articleSection":["Pr\u00e9sentation des membres"],"inLanguage":"fr-FR"},{"@type":"WebPage","@id":"https:\/\/actualis-informatique.fr\/blog\/presentation-de-thomas-budziak\/","url":"https:\/\/actualis-informatique.fr\/blog\/presentation-de-thomas-budziak\/","name":"Pr\u00e9sentation de Thomas BUDZIAK -","isPartOf":{"@id":"https:\/\/actualis-informatique.fr\/blog\/#website"},"primaryImageOfPage":{"@id":"https:\/\/actualis-informatique.fr\/blog\/presentation-de-thomas-budziak\/#primaryimage"},"image":{"@id":"https:\/\/actualis-informatique.fr\/blog\/presentation-de-thomas-budziak\/#primaryimage"},"thumbnailUrl":"https:\/\/actualis-informatique.fr\/blog\/wp-content\/uploads\/2021\/11\/image-724x1024.png","datePublished":"2021-11-22T09:12:46+00:00","dateModified":"2021-11-22T09:29:14+00:00","description":"Retrouvez la pr\u00e9sentation de Thomas BUDZIAK, notre technicien informatique et r\u00e9seaux qui \u00e9volue chez Actualis depuis Juillet 2021.","breadcrumb":{"@id":"https:\/\/actualis-informatique.fr\/blog\/presentation-de-thomas-budziak\/#breadcrumb"},"inLanguage":"fr-FR","potentialAction":[{"@type":"ReadAction","target":["https:\/\/actualis-informatique.fr\/blog\/presentation-de-thomas-budziak\/"]}]},{"@type":"ImageObject","inLanguage":"fr-FR","@id":"https:\/\/actualis-informatique.fr\/blog\/presentation-de-thomas-budziak\/#primaryimage","url":"https:\/\/actualis-informatique.fr\/blog\/wp-content\/uploads\/2021\/11\/image.png","contentUrl":"https:\/\/actualis-informatique.fr\/blog\/wp-content\/uploads\/2021\/11\/image.png","width":945,"height":1336},{"@type":"BreadcrumbList","@id":"https:\/\/actualis-informatique.fr\/blog\/presentation-de-thomas-budziak\/#breadcrumb","itemListElement":[{"@type":"ListItem","position":1,"name":"Accueil","item":"https:\/\/actualis-informatique.fr\/blog\/"},{"@type":"ListItem","position":2,"name":"Pr\u00e9sentation de Thomas BUDZIAK"}]},{"@type":"WebSite","@id":"https:\/\/actualis-informatique.fr\/blog\/#website","url":"https:\/\/actualis-informatique.fr\/blog\/","name":"Actualis Informatique","description":"Votre partenaire MSP","publisher":{"@id":"https:\/\/actualis-informatique.fr\/blog\/#organization"},"potentialAction":[{"@type":"SearchAction","target":{"@type":"EntryPoint","urlTemplate":"https:\/\/actualis-informatique.fr\/blog\/?s={search_term_string}"},"query-input":{"@type":"PropertyValueSpecification","valueRequired":true,"valueName":"search_term_string"}}],"inLanguage":"fr-FR"},{"@type":"Organization","@id":"https:\/\/actualis-informatique.fr\/blog\/#organization","name":"Actualis Informatique","url":"https:\/\/actualis-informatique.fr\/blog\/","logo":{"@type":"ImageObject","inLanguage":"fr-FR","@id":"https:\/\/actualis-informatique.fr\/blog\/#\/schema\/logo\/image\/","url":"https:\/\/actualis-informatique.fr\/blog\/wp-content\/uploads\/2021\/09\/cropped-logox240.jpg","contentUrl":"https:\/\/actualis-informatique.fr\/blog\/wp-content\/uploads\/2021\/09\/cropped-logox240.jpg","width":240,"height":64,"caption":"Actualis Informatique"},"image":{"@id":"https:\/\/actualis-informatique.fr\/blog\/#\/schema\/logo\/image\/"}},{"@type":"Person","@id":"https:\/\/actualis-informatique.fr\/blog\/#\/schema\/person\/f3b75a09b6e042fe0cef4bec921097fc","name":"Admin Actualis","image":{"@type":"ImageObject","inLanguage":"fr-FR","@id":"https:\/\/actualis-informatique.fr\/blog\/#\/schema\/person\/image\/","url":"https:\/\/secure.gravatar.com\/avatar\/bffc5567dcb5ac5b9f4df62f65ac3b0b9ffc9391f80965c0a483e6c1481390bb?s=96&d=mm&r=g","contentUrl":"https:\/\/secure.gravatar.com\/avatar\/bffc5567dcb5ac5b9f4df62f65ac3b0b9ffc9391f80965c0a483e6c1481390bb?s=96&d=mm&r=g","caption":"Admin Actualis"},"url":"https:\/\/actualis-informatique.fr\/blog\/author\/adrien_pkmt51\/"}]}},"jetpack_sharing_enabled":true,"jetpack_featured_media_url":"","_links":{"self":[{"href":"https:\/\/actualis-informatique.fr\/blog\/wp-json\/wp\/v2\/posts\/122","targetHints":{"allow":["GET"]}}],"collection":[{"href":"https:\/\/actualis-informatique.fr\/blog\/wp-json\/wp\/v2\/posts"}],"about":[{"href":"https:\/\/actualis-informatique.fr\/blog\/wp-json\/wp\/v2\/types\/post"}],"author":[{"embeddable":true,"href":"https:\/\/actualis-informatique.fr\/blog\/wp-json\/wp\/v2\/users\/2"}],"replies":[{"embeddable":true,"href":"https:\/\/actualis-informatique.fr\/blog\/wp-json\/wp\/v2\/comments?post=122"}],"version-history":[{"count":3,"href":"https:\/\/actualis-informatique.fr\/blog\/wp-json\/wp\/v2\/posts\/122\/revisions"}],"predecessor-version":[{"id":127,"href":"https:\/\/actualis-informatique.fr\/blog\/wp-json\/wp\/v2\/posts\/122\/revisions\/127"}],"wp:attachment":[{"href":"https:\/\/actualis-informatique.fr\/blog\/wp-json\/wp\/v2\/media?parent=122"}],"wp:term":[{"taxonomy":"category","embeddable":true,"href":"https:\/\/actualis-informatique.fr\/blog\/wp-json\/wp\/v2\/categories?post=122"},{"taxonomy":"post_tag","embeddable":true,"href":"https:\/\/actualis-informatique.fr\/blog\/wp-json\/wp\/v2\/tags?post=122"}],"curies":[{"name":"wp","href":"https:\/\/api.w.org\/{rel}","templated":true}]}}